{"id":450,"date":"2025-03-13T15:58:58","date_gmt":"2025-03-13T19:58:58","guid":{"rendered":"https:\/\/intranet.mineria.gob.bo\/?p=450"},"modified":"2025-03-13T15:58:58","modified_gmt":"2025-03-13T19:58:58","slug":"convocatoria-al-programa-obligatorio-de-gestion-publica-por-resultados-y-defensa-legal-de-los-intereses-del-estado","status":"publish","type":"post","link":"https:\/\/intranet.mineria.gob.bo\/?p=450","title":{"rendered":"Convocatoria al Programa Obligatorio de \u00abGesti\u00f3n P\u00fablica por Resultados y Defensa Legal de los Intereses del Estado\u00bb"},"content":{"rendered":"\n<p><\/p>\n\n\n\n<p>Se realiza la difusi\u00f3n de la convocatoria al Programa Obligatorio de \u00abGesti\u00f3n P\u00fablica por Resultados y Defensa Legal de los Intereses del Estado\u00bb en los enfoques JUR\u00cdDICO dirigido a profesionales en derecho; as\u00ed como en el ADMINISTRATIVO OPERATIVO dirigido a profesionales en otras \u00e1reas y el EJECUTIVO dirigido a M\u00e1ximas Autoridades Ejecutivas hasta Directores Generales.<br>Asimismo, el presente documento fue difundido a trav\u00e9s del correo institucional.<\/p>\n\n\n\n<div class=\"wp-block-file\"><object class=\"wp-block-file__embed\" data=\"https:\/\/intranet.mineria.gob.bo\/wp-content\/uploads\/2025\/03\/DIFUSION-PROGRAMA-OBLIGATORIO-GESTION-PUBLICA-POR-RESULTADOS-Y-DEFENSA-LEGAL-DE-LOS-INTERESES-DEL-ESTADO_1.pdf\" type=\"application\/pdf\" style=\"width:100%;height:600px\" aria-label=\"Incrustado de DIFUSION-PROGRAMA-OBLIGATORIO-GESTION-PUBLICA-POR-RESULTADOS-Y-DEFENSA-LEGAL-DE-LOS-INTERESES-DEL-ESTADO_1.\"><\/object><a id=\"wp-block-file--media-47d78f67-a730-4a71-8f1c-81975bbed46c\" href=\"https:\/\/intranet.mineria.gob.bo\/wp-content\/uploads\/2025\/03\/DIFUSION-PROGRAMA-OBLIGATORIO-GESTION-PUBLICA-POR-RESULTADOS-Y-DEFENSA-LEGAL-DE-LOS-INTERESES-DEL-ESTADO_1.pdf\">DIFUSION-PROGRAMA-OBLIGATORIO-GESTION-PUBLICA-POR-RESULTADOS-Y-DEFENSA-LEGAL-DE-LOS-INTERESES-DEL-ESTADO_1<\/a><a href=\"https:\/\/intranet.mineria.gob.bo\/wp-content\/uploads\/2025\/03\/DIFUSION-PROGRAMA-OBLIGATORIO-GESTION-PUBLICA-POR-RESULTADOS-Y-DEFENSA-LEGAL-DE-LOS-INTERESES-DEL-ESTADO_1.pdf\" class=\"wp-block-file__button wp-element-button\" download aria-describedby=\"wp-block-file--media-47d78f67-a730-4a71-8f1c-81975bbed46c\">Descarga<\/a><\/div>\n","protected":false},"excerpt":{"rendered":"<p>Se realiza la difusi\u00f3n de la convocatoria al Programa Obligatorio de \u00abGesti\u00f3n P\u00fablica por Resultados y Defensa Legal de los Intereses del Estado\u00bb en los enfoques JUR\u00cdDICO dirigido a profesionales en derecho; as\u00ed como&#46;&#46;&#46;<\/p>\n","protected":false},"author":15,"featured_media":0,"comment_status":"open","ping_status":"open","sticky":false,"template":"","format":"standard","meta":[],"categories":[8],"tags":[],"_links":{"self":[{"href":"https:\/\/intranet.mineria.gob.bo\/index.php?rest_route=\/wp\/v2\/posts\/450"}],"collection":[{"href":"https:\/\/intranet.mineria.gob.bo\/index.php?rest_route=\/wp\/v2\/posts"}],"about":[{"href":"https:\/\/intranet.mineria.gob.bo\/index.php?rest_route=\/wp\/v2\/types\/post"}],"author":[{"embeddable":true,"href":"https:\/\/intranet.mineria.gob.bo\/index.php?rest_route=\/wp\/v2\/users\/15"}],"replies":[{"embeddable":true,"href":"https:\/\/intranet.mineria.gob.bo\/index.php?rest_route=%2Fwp%2Fv2%2Fcomments&post=450"}],"version-history":[{"count":1,"href":"https:\/\/intranet.mineria.gob.bo\/index.php?rest_route=\/wp\/v2\/posts\/450\/revisions"}],"predecessor-version":[{"id":452,"href":"https:\/\/intranet.mineria.gob.bo\/index.php?rest_route=\/wp\/v2\/posts\/450\/revisions\/452"}],"wp:attachment":[{"href":"https:\/\/intranet.mineria.gob.bo\/index.php?rest_route=%2Fwp%2Fv2%2Fmedia&parent=450"}],"wp:term":[{"taxonomy":"category","embeddable":true,"href":"https:\/\/intranet.mineria.gob.bo\/index.php?rest_route=%2Fwp%2Fv2%2Fcategories&post=450"},{"taxonomy":"post_tag","embeddable":true,"href":"https:\/\/intranet.mineria.gob.bo\/index.php?rest_route=%2Fwp%2Fv2%2Ftags&post=450"}],"curies":[{"name":"wp","href":"https:\/\/api.w.org\/{rel}","templated":true}]}}